{"id":855,"date":"2023-02-22T18:00:42","date_gmt":"2023-02-22T17:00:42","guid":{"rendered":"https:\/\/www.astrofotografie-wiget.ch\/?p=855"},"modified":"2023-02-27T16:18:07","modified_gmt":"2023-02-27T15:18:07","slug":"februar-2023-wiederinbetriebnahme-nach-der-reparatur","status":"publish","type":"post","link":"https:\/\/www.astrofotografie-wiget.ch\/index.php\/2023\/02\/22\/februar-2023-wiederinbetriebnahme-nach-der-reparatur\/","title":{"rendered":"Februar 2023: Wiederinbetriebnahme nach der Reparatur"},"content":{"rendered":"<p>Nachdem ich Mitte Dezember die Planeten Jupiter und Mars fotografieren wollte und dabei bemerkte dass der CGX-Mount ebenfalls defekt ist, musste dieser in die Reparatur.<\/p>\n<p>Ich hatte Gl\u00fcck im Ungl\u00fcck und der Schaden war zum Gl\u00fcck recht klein. Aber leider spielte danach das Wetter \u00fcberhaupt nicht mit.<\/p>\n<p>Erst nach Mitte Februar konnte ich alles wieder aufstellen und in Betrieb nehmen. F\u00fcr einen Ausflug in die Berge ist mir der Jupiter aber schon etwas tief am Horizont. Daher habe ich es wieder in der Sternwarte aufgestellt. Dabei hatte ich dann gleich den neuen Pegasus Focus Cube installiert. Bei der Inbetriebnahme klemmte dieser zuerst und liess sich nicht bewegen. Ich musste dann die Position ein bisschen justieren, bis er einwandfrei funktionierte.<\/p>\n<p>Beim Mount musste ich nat\u00fcrlich wieder Zeit und Ort einstellen.<\/p>\n<p>Dann ging es los und ich versuchte den Orionnebel zu fotografieren. Voyager positionierte das Teleskop und machte das erste Foto. Die Position sah von Auge eigentlich gut aus, aber auf dem Foto war kein Orionnebel sichtbar. Normalerweise ist das Objekt immer sichtbar nach der Positionierung (StarSense sei dank). Na ja, nicht weiter schlimm. Sp\u00e4testens nach dem Plate solving passt es dann. Doch weit gefehlt. Nach dem Plate solving wurde das Teleskop neu positioniert, allerdings zeigte es dann auf den Boden. Irgend etwas war also komplett daneben. Ich habe zwei Abende lang probiert. Denn Mount direkt mit Voyager angesteuert, oder \u00fcber die CPWI Software. Beides f\u00fchrte nicht zum Erfolg. Leider kamen immer relativ fr\u00fch Wolken, so dass ich nicht allzu lange experimentieren konnte.<\/p>\n<p>Das Problem hatte ich fr\u00fcher schon einmal gehabt. Also habe ich wie damals alles auf die Werkseinstellungen zur\u00fcck gesetzt und dann nochmals neu eingerichtet.<\/p>\n<p>Am 21. Februar konnte ich dann die ersten Fotos vom Orionnebel machen, ziemlich genau 5 Monate nach dem Wasserschaden. Am 22. Februar habe ich dann noch weitere Fotos mit 1s und 5s Belichtungszeit gemacht. Damit sollte der Kern nicht ausgebrannt sein und ich sollte in der Lage sein, ein gutes HDR-Foto vom Orionnebel zu machen.<\/p>\n<p>Nun werde ich mich mal das Bild bearbeiten&#8230;<\/p>\n","protected":false},"excerpt":{"rendered":"<p>Nachdem ich Mitte Dezember die Planeten Jupiter und Mars fotografieren wollte und dabei bemerkte dass der CGX-Mount ebenfalls defekt ist, musste dieser in die Reparatur. Ich hatte Gl\u00fcck im Ungl\u00fcck und der Schaden war zum Gl\u00fcck recht klein. Aber leider spielte danach das Wetter \u00fcberhaupt nicht mit. Erst nach Mitte Februar konnte ich alles wieder&hellip; <a class=\"more-link\" href=\"https:\/\/www.astrofotografie-wiget.ch\/index.php\/2023\/02\/22\/februar-2023-wiederinbetriebnahme-nach-der-reparatur\/\"><span class=\"screen-reader-text\">Februar 2023: Wiederinbetriebnahme nach der Reparatur<\/span> weiterlesen<\/a><\/p>\n","protected":false},"author":1,"featured_media":0,"comment_status":"open","ping_status":"open","sticky":false,"template":"","format":"standard","meta":{"ngg_post_thumbnail":0,"_jetpack_memberships_contains_paid_content":false,"footnotes":"","jetpack_publicize_message":"","jetpack_publicize_feature_enabled":true,"jetpack_social_post_already_shared":false,"jetpack_social_options":{"image_generator_settings":{"template":"highway","enabled":false},"version":2}},"categories":[4],"tags":[],"class_list":["post-855","post","type-post","status-publish","format-standard","hentry","category-equipment","entry"],"jetpack_publicize_connections":[],"yoast_head":"<!-- This site is optimized with the Yoast SEO plugin v24.7 - https:\/\/yoast.com\/wordpress\/plugins\/seo\/ -->\r\n<title>Februar 2023: Wiederinbetriebnahme nach der Reparatur - Astronomie &amp; Astrofotografie<\/title>\r\n<meta name=\"robots\" content=\"index, follow, max-snippet:-1, max-image-preview:large, max-video-preview:-1\" \/>\r\n<link rel=\"canonical\" href=\"https:\/\/www.astrofotografie-wiget.ch\/index.php\/2023\/02\/22\/februar-2023-wiederinbetriebnahme-nach-der-reparatur\/\" \/>\r\n<meta property=\"og:locale\" content=\"de_DE\" \/>\r\n<meta property=\"og:type\" content=\"article\" \/>\r\n<meta property=\"og:title\" content=\"Februar 2023: Wiederinbetriebnahme nach der Reparatur - Astronomie &amp; Astrofotografie\" \/>\r\n<meta property=\"og:description\" content=\"Nachdem ich Mitte Dezember die Planeten Jupiter und Mars fotografieren wollte und dabei bemerkte dass der CGX-Mount ebenfalls defekt ist, musste dieser in die Reparatur. Ich hatte Gl\u00fcck im Ungl\u00fcck und der Schaden war zum Gl\u00fcck recht klein. Aber leider spielte danach das Wetter \u00fcberhaupt nicht mit. Erst nach Mitte Februar konnte ich alles wieder&hellip; Februar 2023: Wiederinbetriebnahme nach der Reparatur weiterlesen\" \/>\r\n<meta property=\"og:url\" content=\"https:\/\/www.astrofotografie-wiget.ch\/index.php\/2023\/02\/22\/februar-2023-wiederinbetriebnahme-nach-der-reparatur\/\" \/>\r\n<meta property=\"og:site_name\" content=\"Astronomie &amp; Astrofotografie\" \/>\r\n<meta property=\"article:publisher\" content=\"https:\/\/www.facebook.com\/andrewiget\" \/>\r\n<meta property=\"article:author\" content=\"https:\/\/www.facebook.com\/andrewiget\" \/>\r\n<meta property=\"article:published_time\" content=\"2023-02-22T17:00:42+00:00\" \/>\r\n<meta property=\"article:modified_time\" content=\"2023-02-27T15:18:07+00:00\" \/>\r\n<meta name=\"author\" content=\"Andr\u00e9\" \/>\r\n<meta name=\"twitter:card\" content=\"summary_large_image\" \/>\r\n<meta name=\"twitter:label1\" content=\"Verfasst von\" \/>\n\t<meta name=\"twitter:data1\" content=\"Andr\u00e9\" \/>\n\t<meta name=\"twitter:label2\" content=\"Gesch\u00e4tzte Lesezeit\" \/>\n\t<meta name=\"twitter:data2\" content=\"2\u00a0Minuten\" \/>\r\n<script type=\"application\/ld+json\" class=\"yoast-schema-graph\">{\"@context\":\"https:\/\/schema.org\",\"@graph\":[{\"@type\":\"Article\",\"@id\":\"https:\/\/www.astrofotografie-wiget.ch\/index.php\/2023\/02\/22\/februar-2023-wiederinbetriebnahme-nach-der-reparatur\/#article\",\"isPartOf\":{\"@id\":\"https:\/\/www.astrofotografie-wiget.ch\/index.php\/2023\/02\/22\/februar-2023-wiederinbetriebnahme-nach-der-reparatur\/\"},\"author\":{\"name\":\"Andr\u00e9\",\"@id\":\"\/#\/schema\/person\/6a8fe3f5ae57c6370d432efba693924f\"},\"headline\":\"Februar 2023: Wiederinbetriebnahme nach der Reparatur\",\"datePublished\":\"2023-02-22T17:00:42+00:00\",\"dateModified\":\"2023-02-27T15:18:07+00:00\",\"mainEntityOfPage\":{\"@id\":\"https:\/\/www.astrofotografie-wiget.ch\/index.php\/2023\/02\/22\/februar-2023-wiederinbetriebnahme-nach-der-reparatur\/\"},\"wordCount\":350,\"commentCount\":0,\"publisher\":{\"@id\":\"\/#\/schema\/person\/6a8fe3f5ae57c6370d432efba693924f\"},\"articleSection\":[\"Equipment\"],\"inLanguage\":\"de\",\"potentialAction\":[{\"@type\":\"CommentAction\",\"name\":\"Comment\",\"target\":[\"https:\/\/www.astrofotografie-wiget.ch\/index.php\/2023\/02\/22\/februar-2023-wiederinbetriebnahme-nach-der-reparatur\/#respond\"]}]},{\"@type\":\"WebPage\",\"@id\":\"https:\/\/www.astrofotografie-wiget.ch\/index.php\/2023\/02\/22\/februar-2023-wiederinbetriebnahme-nach-der-reparatur\/\",\"url\":\"https:\/\/www.astrofotografie-wiget.ch\/index.php\/2023\/02\/22\/februar-2023-wiederinbetriebnahme-nach-der-reparatur\/\",\"name\":\"Februar 2023: Wiederinbetriebnahme nach der Reparatur - Astronomie &amp; Astrofotografie\",\"isPartOf\":{\"@id\":\"\/#website\"},\"datePublished\":\"2023-02-22T17:00:42+00:00\",\"dateModified\":\"2023-02-27T15:18:07+00:00\",\"inLanguage\":\"de\",\"potentialAction\":[{\"@type\":\"ReadAction\",\"target\":[\"https:\/\/www.astrofotografie-wiget.ch\/index.php\/2023\/02\/22\/februar-2023-wiederinbetriebnahme-nach-der-reparatur\/\"]}]},{\"@type\":\"WebSite\",\"@id\":\"\/#website\",\"url\":\"\/\",\"name\":\"Astronomie & Astrofotografie\",\"description\":\"Sonne, Mond, Planeten, Deep Sky\",\"publisher\":{\"@id\":\"\/#\/schema\/person\/6a8fe3f5ae57c6370d432efba693924f\"},\"potentialAction\":[{\"@type\":\"SearchAction\",\"target\":{\"@type\":\"EntryPoint\",\"urlTemplate\":\"\/?s={search_term_string}\"},\"query-input\":{\"@type\":\"PropertyValueSpecification\",\"valueRequired\":true,\"valueName\":\"search_term_string\"}}],\"inLanguage\":\"de\"},{\"@type\":[\"Person\",\"Organization\"],\"@id\":\"\/#\/schema\/person\/6a8fe3f5ae57c6370d432efba693924f\",\"name\":\"Andr\u00e9\",\"image\":{\"@type\":\"ImageObject\",\"inLanguage\":\"de\",\"@id\":\"\/#\/schema\/person\/image\/\",\"url\":\"https:\/\/www.astrofotografie-wiget.ch\/wp-content\/uploads\/2022\/01\/2022.01.14-NGC-2244-WBPP-32x300s-small-1024x905.png\",\"contentUrl\":\"https:\/\/www.astrofotografie-wiget.ch\/wp-content\/uploads\/2022\/01\/2022.01.14-NGC-2244-WBPP-32x300s-small-1024x905.png\",\"width\":1024,\"height\":905,\"caption\":\"Andr\u00e9\"},\"logo\":{\"@id\":\"\/#\/schema\/person\/image\/\"},\"sameAs\":[\"https:\/\/www.astrofotografie-wiget.ch\",\"https:\/\/www.facebook.com\/andrewiget\",\"https:\/\/www.instagram.com\/andrewiget\"],\"url\":\"https:\/\/www.astrofotografie-wiget.ch\/index.php\/author\/astronomie\/\"}]}<\/script>\r\n<!-- \/ Yoast SEO plugin. -->","yoast_head_json":{"title":"Februar 2023: Wiederinbetriebnahme nach der Reparatur - Astronomie &amp; Astrofotografie","robots":{"index":"index","follow":"follow","max-snippet":"max-snippet:-1","max-image-preview":"max-image-preview:large","max-video-preview":"max-video-preview:-1"},"canonical":"https:\/\/www.astrofotografie-wiget.ch\/index.php\/2023\/02\/22\/februar-2023-wiederinbetriebnahme-nach-der-reparatur\/","og_locale":"de_DE","og_type":"article","og_title":"Februar 2023: Wiederinbetriebnahme nach der Reparatur - Astronomie &amp; Astrofotografie","og_description":"Nachdem ich Mitte Dezember die Planeten Jupiter und Mars fotografieren wollte und dabei bemerkte dass der CGX-Mount ebenfalls defekt ist, musste dieser in die Reparatur. Ich hatte Gl\u00fcck im Ungl\u00fcck und der Schaden war zum Gl\u00fcck recht klein. Aber leider spielte danach das Wetter \u00fcberhaupt nicht mit. Erst nach Mitte Februar konnte ich alles wieder&hellip; Februar 2023: Wiederinbetriebnahme nach der Reparatur weiterlesen","og_url":"https:\/\/www.astrofotografie-wiget.ch\/index.php\/2023\/02\/22\/februar-2023-wiederinbetriebnahme-nach-der-reparatur\/","og_site_name":"Astronomie &amp; Astrofotografie","article_publisher":"https:\/\/www.facebook.com\/andrewiget","article_author":"https:\/\/www.facebook.com\/andrewiget","article_published_time":"2023-02-22T17:00:42+00:00","article_modified_time":"2023-02-27T15:18:07+00:00","author":"Andr\u00e9","twitter_card":"summary_large_image","twitter_misc":{"Verfasst von":"Andr\u00e9","Gesch\u00e4tzte Lesezeit":"2\u00a0Minuten"},"schema":{"@context":"https:\/\/schema.org","@graph":[{"@type":"Article","@id":"https:\/\/www.astrofotografie-wiget.ch\/index.php\/2023\/02\/22\/februar-2023-wiederinbetriebnahme-nach-der-reparatur\/#article","isPartOf":{"@id":"https:\/\/www.astrofotografie-wiget.ch\/index.php\/2023\/02\/22\/februar-2023-wiederinbetriebnahme-nach-der-reparatur\/"},"author":{"name":"Andr\u00e9","@id":"\/#\/schema\/person\/6a8fe3f5ae57c6370d432efba693924f"},"headline":"Februar 2023: Wiederinbetriebnahme nach der Reparatur","datePublished":"2023-02-22T17:00:42+00:00","dateModified":"2023-02-27T15:18:07+00:00","mainEntityOfPage":{"@id":"https:\/\/www.astrofotografie-wiget.ch\/index.php\/2023\/02\/22\/februar-2023-wiederinbetriebnahme-nach-der-reparatur\/"},"wordCount":350,"commentCount":0,"publisher":{"@id":"\/#\/schema\/person\/6a8fe3f5ae57c6370d432efba693924f"},"articleSection":["Equipment"],"inLanguage":"de","potentialAction":[{"@type":"CommentAction","name":"Comment","target":["https:\/\/www.astrofotografie-wiget.ch\/index.php\/2023\/02\/22\/februar-2023-wiederinbetriebnahme-nach-der-reparatur\/#respond"]}]},{"@type":"WebPage","@id":"https:\/\/www.astrofotografie-wiget.ch\/index.php\/2023\/02\/22\/februar-2023-wiederinbetriebnahme-nach-der-reparatur\/","url":"https:\/\/www.astrofotografie-wiget.ch\/index.php\/2023\/02\/22\/februar-2023-wiederinbetriebnahme-nach-der-reparatur\/","name":"Februar 2023: Wiederinbetriebnahme nach der Reparatur - Astronomie &amp; Astrofotografie","isPartOf":{"@id":"\/#website"},"datePublished":"2023-02-22T17:00:42+00:00","dateModified":"2023-02-27T15:18:07+00:00","inLanguage":"de","potentialAction":[{"@type":"ReadAction","target":["https:\/\/www.astrofotografie-wiget.ch\/index.php\/2023\/02\/22\/februar-2023-wiederinbetriebnahme-nach-der-reparatur\/"]}]},{"@type":"WebSite","@id":"\/#website","url":"\/","name":"Astronomie & Astrofotografie","description":"Sonne, Mond, Planeten, Deep Sky","publisher":{"@id":"\/#\/schema\/person\/6a8fe3f5ae57c6370d432efba693924f"},"potentialAction":[{"@type":"SearchAction","target":{"@type":"EntryPoint","urlTemplate":"\/?s={search_term_string}"},"query-input":{"@type":"PropertyValueSpecification","valueRequired":true,"valueName":"search_term_string"}}],"inLanguage":"de"},{"@type":["Person","Organization"],"@id":"\/#\/schema\/person\/6a8fe3f5ae57c6370d432efba693924f","name":"Andr\u00e9","image":{"@type":"ImageObject","inLanguage":"de","@id":"\/#\/schema\/person\/image\/","url":"https:\/\/www.astrofotografie-wiget.ch\/wp-content\/uploads\/2022\/01\/2022.01.14-NGC-2244-WBPP-32x300s-small-1024x905.png","contentUrl":"https:\/\/www.astrofotografie-wiget.ch\/wp-content\/uploads\/2022\/01\/2022.01.14-NGC-2244-WBPP-32x300s-small-1024x905.png","width":1024,"height":905,"caption":"Andr\u00e9"},"logo":{"@id":"\/#\/schema\/person\/image\/"},"sameAs":["https:\/\/www.astrofotografie-wiget.ch","https:\/\/www.facebook.com\/andrewiget","https:\/\/www.instagram.com\/andrewiget"],"url":"https:\/\/www.astrofotografie-wiget.ch\/index.php\/author\/astronomie\/"}]}},"jetpack_featured_media_url":"","jetpack-related-posts":[],"jetpack_sharing_enabled":true,"_links":{"self":[{"href":"https:\/\/www.astrofotografie-wiget.ch\/index.php\/wp-json\/wp\/v2\/posts\/855","targetHints":{"allow":["GET"]}}],"collection":[{"href":"https:\/\/www.astrofotografie-wiget.ch\/index.php\/wp-json\/wp\/v2\/posts"}],"about":[{"href":"https:\/\/www.astrofotografie-wiget.ch\/index.php\/wp-json\/wp\/v2\/types\/post"}],"author":[{"embeddable":true,"href":"https:\/\/www.astrofotografie-wiget.ch\/index.php\/wp-json\/wp\/v2\/users\/1"}],"replies":[{"embeddable":true,"href":"https:\/\/www.astrofotografie-wiget.ch\/index.php\/wp-json\/wp\/v2\/comments?post=855"}],"version-history":[{"count":1,"href":"https:\/\/www.astrofotografie-wiget.ch\/index.php\/wp-json\/wp\/v2\/posts\/855\/revisions"}],"predecessor-version":[{"id":856,"href":"https:\/\/www.astrofotografie-wiget.ch\/index.php\/wp-json\/wp\/v2\/posts\/855\/revisions\/856"}],"wp:attachment":[{"href":"https:\/\/www.astrofotografie-wiget.ch\/index.php\/wp-json\/wp\/v2\/media?parent=855"}],"wp:term":[{"taxonomy":"category","embeddable":true,"href":"https:\/\/www.astrofotografie-wiget.ch\/index.php\/wp-json\/wp\/v2\/categories?post=855"},{"taxonomy":"post_tag","embeddable":true,"href":"https:\/\/www.astrofotografie-wiget.ch\/index.php\/wp-json\/wp\/v2\/tags?post=855"}],"curies":[{"name":"wp","href":"https:\/\/api.w.org\/{rel}","templated":true}]}}