{"id":732,"date":"2022-09-27T20:00:15","date_gmt":"2022-09-27T19:00:15","guid":{"rendered":"https:\/\/www.astrofotografie-wiget.ch\/?p=732"},"modified":"2022-11-23T19:53:47","modified_gmt":"2022-11-23T18:53:47","slug":"katastrophe-wasserschaden","status":"publish","type":"post","link":"https:\/\/www.astrofotografie-wiget.ch\/index.php\/2022\/09\/27\/katastrophe-wasserschaden\/","title":{"rendered":"Katastrophe &#8211; Wasserschaden"},"content":{"rendered":"<p>Am 22. September habe ich von B\u00fcren a\/A das Teleskop gesteuert und noch diverse Aufnahmen gemacht. Am Schluss gab ich das Kommando um das Dach zu schliessen und habe die Remote-Verbindung getrennt.<\/p>\n<p>Am Wochenende wollte ich dann noch weitere Aufnahmen machen, aber ich konnte keine Verbindung zur Pegasus Powerbox aufbauen. Ich hatte es mehrmals probiert aber hatte keinen Erfolg.<\/p>\n<p>Am Montag Abend war ich dann in Bassersdorf vor Ort und wollte den Fehler suchen. Zu meinem Entsetzen musste ich feststellen, dass das Dach verklemmt war und lediglich zur H\u00e4lfte geschlossen, das ganze Equipment war verregnet worden.<\/p>\n<div class=\"tiled-gallery type-rectangular tiled-gallery-unresized\" data-original-width=\"750\" data-carousel-extra='null' itemscope itemtype=\"http:\/\/schema.org\/ImageGallery\" > <div class=\"gallery-row\" style=\"width: 750px; height: 376px;\" data-original-width=\"750\" data-original-height=\"376\" > <div class=\"gallery-group images-1\" style=\"width: 500px; height: 376px;\" data-original-width=\"500\" data-original-height=\"376\" > <div class=\"tiled-gallery-item tiled-gallery-item-large\" itemprop=\"associatedMedia\" itemscope itemtype=\"http:\/\/schema.org\/ImageObject\"> <a href=\"https:\/\/www.astrofotografie-wiget.ch\/index.php\/2022\/09\/27\/katastrophe-wasserschaden\/img_20220926_083502\/\" border=\"0\" itemprop=\"url\"> <meta itemprop=\"width\" content=\"496\"> <meta itemprop=\"height\" content=\"372\"> <img decoding=\"async\" class=\"\" data-attachment-id=\"733\" data-orig-file=\"https:\/\/www.astrofotografie-wiget.ch\/wp-content\/uploads\/2022\/11\/IMG_20220926_083502-scaled.jpg\" data-orig-size=\"2560,1920\" data-comments-opened=\"1\" data-image-meta=\"{&quot;aperture&quot;:&quot;1.6&quot;,&quot;credit&quot;:&quot;&quot;,&quot;camera&quot;:&quot;VOG-L29&quot;,&quot;caption&quot;:&quot;&quot;,&quot;created_timestamp&quot;:&quot;1664181304&quot;,&quot;copyright&quot;:&quot;&quot;,&quot;focal_length&quot;:&quot;5.56&quot;,&quot;iso&quot;:&quot;320&quot;,&quot;shutter_speed&quot;:&quot;0.03&quot;,&quot;title&quot;:&quot;&quot;,&quot;orientation&quot;:&quot;0&quot;}\" data-image-title=\"IMG_20220926_083502\" data-image-description=\"\" data-medium-file=\"https:\/\/i0.wp.com\/www.astrofotografie-wiget.ch\/wp-content\/uploads\/2022\/11\/IMG_20220926_083502-scaled.jpg?fit=300%2C225&#038;ssl=1\" data-large-file=\"https:\/\/i0.wp.com\/www.astrofotografie-wiget.ch\/wp-content\/uploads\/2022\/11\/IMG_20220926_083502-scaled.jpg?fit=750%2C563&#038;ssl=1\" src=\"https:\/\/i0.wp.com\/www.astrofotografie-wiget.ch\/wp-content\/uploads\/2022\/11\/IMG_20220926_083502-scaled.jpg?w=496&#038;h=372&#038;ssl=1\" srcset=\"https:\/\/i0.wp.com\/www.astrofotografie-wiget.ch\/wp-content\/uploads\/2022\/11\/IMG_20220926_083502-scaled.jpg?w=2560&amp;ssl=1 2560w, https:\/\/i0.wp.com\/www.astrofotografie-wiget.ch\/wp-content\/uploads\/2022\/11\/IMG_20220926_083502-scaled.jpg?resize=300%2C225&amp;ssl=1 300w, https:\/\/i0.wp.com\/www.astrofotografie-wiget.ch\/wp-content\/uploads\/2022\/11\/IMG_20220926_083502-scaled.jpg?resize=1024%2C768&amp;ssl=1 1024w, https:\/\/i0.wp.com\/www.astrofotografie-wiget.ch\/wp-content\/uploads\/2022\/11\/IMG_20220926_083502-scaled.jpg?resize=768%2C576&amp;ssl=1 768w, https:\/\/i0.wp.com\/www.astrofotografie-wiget.ch\/wp-content\/uploads\/2022\/11\/IMG_20220926_083502-scaled.jpg?resize=1536%2C1152&amp;ssl=1 1536w, https:\/\/i0.wp.com\/www.astrofotografie-wiget.ch\/wp-content\/uploads\/2022\/11\/IMG_20220926_083502-scaled.jpg?resize=2048%2C1536&amp;ssl=1 2048w, https:\/\/i0.wp.com\/www.astrofotografie-wiget.ch\/wp-content\/uploads\/2022\/11\/IMG_20220926_083502-scaled.jpg?resize=1568%2C1176&amp;ssl=1 1568w, https:\/\/i0.wp.com\/www.astrofotografie-wiget.ch\/wp-content\/uploads\/2022\/11\/IMG_20220926_083502-scaled.jpg?w=2250&amp;ssl=1 2250w\" width=\"496\" height=\"372\" loading=\"lazy\" data-original-width=\"496\" data-original-height=\"372\" itemprop=\"http:\/\/schema.org\/image\" title=\"IMG_20220926_083502\" alt=\"IMG_20220926_083502\" style=\"width: 496px; height: 372px;\" \/> <\/a> <\/div> <\/div> <!-- close group --> <div class=\"gallery-group images-2\" style=\"width: 250px; height: 376px;\" data-original-width=\"250\" data-original-height=\"376\" > <div class=\"tiled-gallery-item tiled-gallery-item-small\" itemprop=\"associatedMedia\" itemscope itemtype=\"http:\/\/schema.org\/ImageObject\"> <a href=\"https:\/\/www.astrofotografie-wiget.ch\/index.php\/2022\/09\/27\/katastrophe-wasserschaden\/img_20220926_083508\/\" border=\"0\" itemprop=\"url\"> <meta itemprop=\"width\" content=\"246\"> <meta itemprop=\"height\" content=\"184\"> <img decoding=\"async\" class=\"\" data-attachment-id=\"734\" data-orig-file=\"https:\/\/www.astrofotografie-wiget.ch\/wp-content\/uploads\/2022\/11\/IMG_20220926_083508-scaled.jpg\" data-orig-size=\"2560,1920\" data-comments-opened=\"1\" data-image-meta=\"{&quot;aperture&quot;:&quot;1.6&quot;,&quot;credit&quot;:&quot;&quot;,&quot;camera&quot;:&quot;VOG-L29&quot;,&quot;caption&quot;:&quot;&quot;,&quot;created_timestamp&quot;:&quot;1664181310&quot;,&quot;copyright&quot;:&quot;&quot;,&quot;focal_length&quot;:&quot;5.56&quot;,&quot;iso&quot;:&quot;200&quot;,&quot;shutter_speed&quot;:&quot;0.02&quot;,&quot;title&quot;:&quot;&quot;,&quot;orientation&quot;:&quot;0&quot;}\" data-image-title=\"IMG_20220926_083508\" data-image-description=\"\" data-medium-file=\"https:\/\/i0.wp.com\/www.astrofotografie-wiget.ch\/wp-content\/uploads\/2022\/11\/IMG_20220926_083508-scaled.jpg?fit=300%2C225&#038;ssl=1\" data-large-file=\"https:\/\/i0.wp.com\/www.astrofotografie-wiget.ch\/wp-content\/uploads\/2022\/11\/IMG_20220926_083508-scaled.jpg?fit=750%2C563&#038;ssl=1\" src=\"https:\/\/i0.wp.com\/www.astrofotografie-wiget.ch\/wp-content\/uploads\/2022\/11\/IMG_20220926_083508-scaled.jpg?w=246&#038;h=184&#038;ssl=1\" srcset=\"https:\/\/i0.wp.com\/www.astrofotografie-wiget.ch\/wp-content\/uploads\/2022\/11\/IMG_20220926_083508-scaled.jpg?w=2560&amp;ssl=1 2560w, https:\/\/i0.wp.com\/www.astrofotografie-wiget.ch\/wp-content\/uploads\/2022\/11\/IMG_20220926_083508-scaled.jpg?resize=300%2C225&amp;ssl=1 300w, https:\/\/i0.wp.com\/www.astrofotografie-wiget.ch\/wp-content\/uploads\/2022\/11\/IMG_20220926_083508-scaled.jpg?resize=1024%2C768&amp;ssl=1 1024w, https:\/\/i0.wp.com\/www.astrofotografie-wiget.ch\/wp-content\/uploads\/2022\/11\/IMG_20220926_083508-scaled.jpg?resize=768%2C576&amp;ssl=1 768w, https:\/\/i0.wp.com\/www.astrofotografie-wiget.ch\/wp-content\/uploads\/2022\/11\/IMG_20220926_083508-scaled.jpg?resize=1536%2C1152&amp;ssl=1 1536w, https:\/\/i0.wp.com\/www.astrofotografie-wiget.ch\/wp-content\/uploads\/2022\/11\/IMG_20220926_083508-scaled.jpg?resize=2048%2C1536&amp;ssl=1 2048w, https:\/\/i0.wp.com\/www.astrofotografie-wiget.ch\/wp-content\/uploads\/2022\/11\/IMG_20220926_083508-scaled.jpg?resize=1568%2C1176&amp;ssl=1 1568w, https:\/\/i0.wp.com\/www.astrofotografie-wiget.ch\/wp-content\/uploads\/2022\/11\/IMG_20220926_083508-scaled.jpg?w=2250&amp;ssl=1 2250w\" width=\"246\" height=\"184\" loading=\"lazy\" data-original-width=\"246\" data-original-height=\"184\" itemprop=\"http:\/\/schema.org\/image\" title=\"IMG_20220926_083508\" alt=\"IMG_20220926_083508\" style=\"width: 246px; height: 184px;\" \/> <\/a> <\/div> <div class=\"tiled-gallery-item tiled-gallery-item-small\" itemprop=\"associatedMedia\" itemscope itemtype=\"http:\/\/schema.org\/ImageObject\"> <a href=\"https:\/\/www.astrofotografie-wiget.ch\/index.php\/2022\/09\/27\/katastrophe-wasserschaden\/img_20220926_093941\/\" border=\"0\" itemprop=\"url\"> <meta itemprop=\"width\" content=\"246\"> <meta itemprop=\"height\" content=\"184\"> <img decoding=\"async\" class=\"\" data-attachment-id=\"735\" data-orig-file=\"https:\/\/www.astrofotografie-wiget.ch\/wp-content\/uploads\/2022\/11\/IMG_20220926_093941-scaled.jpg\" data-orig-size=\"2560,1920\" data-comments-opened=\"1\" data-image-meta=\"{&quot;aperture&quot;:&quot;1.6&quot;,&quot;credit&quot;:&quot;&quot;,&quot;camera&quot;:&quot;VOG-L29&quot;,&quot;caption&quot;:&quot;&quot;,&quot;created_timestamp&quot;:&quot;1664185183&quot;,&quot;copyright&quot;:&quot;&quot;,&quot;focal_length&quot;:&quot;5.56&quot;,&quot;iso&quot;:&quot;320&quot;,&quot;shutter_speed&quot;:&quot;0.02&quot;,&quot;title&quot;:&quot;&quot;,&quot;orientation&quot;:&quot;0&quot;}\" data-image-title=\"IMG_20220926_093941\" data-image-description=\"\" data-medium-file=\"https:\/\/i0.wp.com\/www.astrofotografie-wiget.ch\/wp-content\/uploads\/2022\/11\/IMG_20220926_093941-scaled.jpg?fit=300%2C225&#038;ssl=1\" data-large-file=\"https:\/\/i0.wp.com\/www.astrofotografie-wiget.ch\/wp-content\/uploads\/2022\/11\/IMG_20220926_093941-scaled.jpg?fit=750%2C563&#038;ssl=1\" src=\"https:\/\/i0.wp.com\/www.astrofotografie-wiget.ch\/wp-content\/uploads\/2022\/11\/IMG_20220926_093941-scaled.jpg?w=246&#038;h=184&#038;ssl=1\" srcset=\"https:\/\/i0.wp.com\/www.astrofotografie-wiget.ch\/wp-content\/uploads\/2022\/11\/IMG_20220926_093941-scaled.jpg?w=2560&amp;ssl=1 2560w, https:\/\/i0.wp.com\/www.astrofotografie-wiget.ch\/wp-content\/uploads\/2022\/11\/IMG_20220926_093941-scaled.jpg?resize=300%2C225&amp;ssl=1 300w, https:\/\/i0.wp.com\/www.astrofotografie-wiget.ch\/wp-content\/uploads\/2022\/11\/IMG_20220926_093941-scaled.jpg?resize=1024%2C768&amp;ssl=1 1024w, https:\/\/i0.wp.com\/www.astrofotografie-wiget.ch\/wp-content\/uploads\/2022\/11\/IMG_20220926_093941-scaled.jpg?resize=768%2C576&amp;ssl=1 768w, https:\/\/i0.wp.com\/www.astrofotografie-wiget.ch\/wp-content\/uploads\/2022\/11\/IMG_20220926_093941-scaled.jpg?resize=1536%2C1152&amp;ssl=1 1536w, https:\/\/i0.wp.com\/www.astrofotografie-wiget.ch\/wp-content\/uploads\/2022\/11\/IMG_20220926_093941-scaled.jpg?resize=2048%2C1536&amp;ssl=1 2048w, https:\/\/i0.wp.com\/www.astrofotografie-wiget.ch\/wp-content\/uploads\/2022\/11\/IMG_20220926_093941-scaled.jpg?resize=1568%2C1176&amp;ssl=1 1568w, https:\/\/i0.wp.com\/www.astrofotografie-wiget.ch\/wp-content\/uploads\/2022\/11\/IMG_20220926_093941-scaled.jpg?w=2250&amp;ssl=1 2250w\" width=\"246\" height=\"184\" loading=\"lazy\" data-original-width=\"246\" data-original-height=\"184\" itemprop=\"http:\/\/schema.org\/image\" title=\"IMG_20220926_093941\" alt=\"IMG_20220926_093941\" style=\"width: 246px; height: 184px;\" \/> <\/a> <\/div> <\/div> <!-- close group --> <\/div> <!-- close row --> <\/div>\n<p>Sofort baute ich alles ab und nahm es in die Wohnung zum Trocknen.<\/p>\n<p>Nach einigen Tagen begann ich alles auszuprobieren ob es noch funktionierte. Sogar die Powerbox (wie auch die Kamera, Flatfield-Generator, usw.) welche am Laufen als sie nass wurden, funktionierten wieder einwandfrei.<\/p>\n<p>Lediglich das Hyperstar war immer noch voll Wasser. Dieses musste ich in ein Spezialgesch\u00e4ft bringen um es zu zerlegen, trocknen und wieder zusammen zu bauen.<\/p>\n<p>Alles in allem bin ich noch einmal mit einem blauen Auge davon gekommen. Ich war sehr erstaunt wie gut alles noch funktionierte obwohl es im laufenden Betrieb verregnet wurde.<\/p>\n","protected":false},"excerpt":{"rendered":"<p>Am 22. September habe ich von B\u00fcren a\/A das Teleskop gesteuert und noch diverse Aufnahmen gemacht. Am Schluss gab ich das Kommando um das Dach zu schliessen und habe die Remote-Verbindung getrennt. Am Wochenende wollte ich dann noch weitere Aufnahmen machen, aber ich konnte keine Verbindung zur Pegasus Powerbox aufbauen. Ich hatte es mehrmals probiert&hellip; <a class=\"more-link\" href=\"https:\/\/www.astrofotografie-wiget.ch\/index.php\/2022\/09\/27\/katastrophe-wasserschaden\/\"><span class=\"screen-reader-text\">Katastrophe &#8211; Wasserschaden<\/span> weiterlesen<\/a><\/p>\n","protected":false},"author":1,"featured_media":0,"comment_status":"open","ping_status":"open","sticky":false,"template":"","format":"standard","meta":{"ngg_post_thumbnail":0,"_jetpack_memberships_contains_paid_content":false,"footnotes":"","jetpack_publicize_message":"","jetpack_publicize_feature_enabled":true,"jetpack_social_post_already_shared":false,"jetpack_social_options":{"image_generator_settings":{"template":"highway","enabled":false},"version":2}},"categories":[4],"tags":[],"class_list":["post-732","post","type-post","status-publish","format-standard","hentry","category-equipment","entry"],"jetpack_publicize_connections":[],"yoast_head":"<!-- This site is optimized with the Yoast SEO plugin v24.7 - https:\/\/yoast.com\/wordpress\/plugins\/seo\/ -->\r\n<title>Katastrophe - Wasserschaden - Astronomie &amp; Astrofotografie<\/title>\r\n<meta name=\"robots\" content=\"index, follow, max-snippet:-1, max-image-preview:large, max-video-preview:-1\" \/>\r\n<link rel=\"canonical\" href=\"https:\/\/www.astrofotografie-wiget.ch\/index.php\/2022\/09\/27\/katastrophe-wasserschaden\/\" \/>\r\n<meta property=\"og:locale\" content=\"de_DE\" \/>\r\n<meta property=\"og:type\" content=\"article\" \/>\r\n<meta property=\"og:title\" content=\"Katastrophe - Wasserschaden - Astronomie &amp; Astrofotografie\" \/>\r\n<meta property=\"og:description\" content=\"Am 22. September habe ich von B\u00fcren a\/A das Teleskop gesteuert und noch diverse Aufnahmen gemacht. Am Schluss gab ich das Kommando um das Dach zu schliessen und habe die Remote-Verbindung getrennt. Am Wochenende wollte ich dann noch weitere Aufnahmen machen, aber ich konnte keine Verbindung zur Pegasus Powerbox aufbauen. Ich hatte es mehrmals probiert&hellip; Katastrophe &#8211; Wasserschaden weiterlesen\" \/>\r\n<meta property=\"og:url\" content=\"https:\/\/www.astrofotografie-wiget.ch\/index.php\/2022\/09\/27\/katastrophe-wasserschaden\/\" \/>\r\n<meta property=\"og:site_name\" content=\"Astronomie &amp; Astrofotografie\" \/>\r\n<meta property=\"article:publisher\" content=\"https:\/\/www.facebook.com\/andrewiget\" \/>\r\n<meta property=\"article:author\" content=\"https:\/\/www.facebook.com\/andrewiget\" \/>\r\n<meta property=\"article:published_time\" content=\"2022-09-27T19:00:15+00:00\" \/>\r\n<meta property=\"article:modified_time\" content=\"2022-11-23T18:53:47+00:00\" \/>\r\n<meta property=\"og:image\" content=\"https:\/\/i0.wp.com\/www.astrofotografie-wiget.ch\/wp-content\/uploads\/2022\/11\/IMG_20220926_083502-scaled.jpg?resize=150%2C150&ssl=1\" \/>\r\n<meta name=\"author\" content=\"Andr\u00e9\" \/>\r\n<meta name=\"twitter:card\" content=\"summary_large_image\" \/>\r\n<meta name=\"twitter:label1\" content=\"Verfasst von\" \/>\n\t<meta name=\"twitter:data1\" content=\"Andr\u00e9\" \/>\n\t<meta name=\"twitter:label2\" content=\"Gesch\u00e4tzte Lesezeit\" \/>\n\t<meta name=\"twitter:data2\" content=\"2\u00a0Minuten\" \/>\r\n<script type=\"application\/ld+json\" class=\"yoast-schema-graph\">{\"@context\":\"https:\/\/schema.org\",\"@graph\":[{\"@type\":\"Article\",\"@id\":\"https:\/\/www.astrofotografie-wiget.ch\/index.php\/2022\/09\/27\/katastrophe-wasserschaden\/#article\",\"isPartOf\":{\"@id\":\"https:\/\/www.astrofotografie-wiget.ch\/index.php\/2022\/09\/27\/katastrophe-wasserschaden\/\"},\"author\":{\"name\":\"Andr\u00e9\",\"@id\":\"\/#\/schema\/person\/6a8fe3f5ae57c6370d432efba693924f\"},\"headline\":\"Katastrophe &#8211; Wasserschaden\",\"datePublished\":\"2022-09-27T19:00:15+00:00\",\"dateModified\":\"2022-11-23T18:53:47+00:00\",\"mainEntityOfPage\":{\"@id\":\"https:\/\/www.astrofotografie-wiget.ch\/index.php\/2022\/09\/27\/katastrophe-wasserschaden\/\"},\"wordCount\":201,\"commentCount\":0,\"publisher\":{\"@id\":\"\/#\/schema\/person\/6a8fe3f5ae57c6370d432efba693924f\"},\"articleSection\":[\"Equipment\"],\"inLanguage\":\"de\",\"potentialAction\":[{\"@type\":\"CommentAction\",\"name\":\"Comment\",\"target\":[\"https:\/\/www.astrofotografie-wiget.ch\/index.php\/2022\/09\/27\/katastrophe-wasserschaden\/#respond\"]}]},{\"@type\":\"WebPage\",\"@id\":\"https:\/\/www.astrofotografie-wiget.ch\/index.php\/2022\/09\/27\/katastrophe-wasserschaden\/\",\"url\":\"https:\/\/www.astrofotografie-wiget.ch\/index.php\/2022\/09\/27\/katastrophe-wasserschaden\/\",\"name\":\"Katastrophe - Wasserschaden - Astronomie &amp; Astrofotografie\",\"isPartOf\":{\"@id\":\"\/#website\"},\"datePublished\":\"2022-09-27T19:00:15+00:00\",\"dateModified\":\"2022-11-23T18:53:47+00:00\",\"inLanguage\":\"de\",\"potentialAction\":[{\"@type\":\"ReadAction\",\"target\":[\"https:\/\/www.astrofotografie-wiget.ch\/index.php\/2022\/09\/27\/katastrophe-wasserschaden\/\"]}]},{\"@type\":\"WebSite\",\"@id\":\"\/#website\",\"url\":\"\/\",\"name\":\"Astronomie & Astrofotografie\",\"description\":\"Sonne, Mond, Planeten, Deep Sky\",\"publisher\":{\"@id\":\"\/#\/schema\/person\/6a8fe3f5ae57c6370d432efba693924f\"},\"potentialAction\":[{\"@type\":\"SearchAction\",\"target\":{\"@type\":\"EntryPoint\",\"urlTemplate\":\"\/?s={search_term_string}\"},\"query-input\":{\"@type\":\"PropertyValueSpecification\",\"valueRequired\":true,\"valueName\":\"search_term_string\"}}],\"inLanguage\":\"de\"},{\"@type\":[\"Person\",\"Organization\"],\"@id\":\"\/#\/schema\/person\/6a8fe3f5ae57c6370d432efba693924f\",\"name\":\"Andr\u00e9\",\"image\":{\"@type\":\"ImageObject\",\"inLanguage\":\"de\",\"@id\":\"\/#\/schema\/person\/image\/\",\"url\":\"https:\/\/www.astrofotografie-wiget.ch\/wp-content\/uploads\/2022\/01\/2022.01.14-NGC-2244-WBPP-32x300s-small-1024x905.png\",\"contentUrl\":\"https:\/\/www.astrofotografie-wiget.ch\/wp-content\/uploads\/2022\/01\/2022.01.14-NGC-2244-WBPP-32x300s-small-1024x905.png\",\"width\":1024,\"height\":905,\"caption\":\"Andr\u00e9\"},\"logo\":{\"@id\":\"\/#\/schema\/person\/image\/\"},\"sameAs\":[\"https:\/\/www.astrofotografie-wiget.ch\",\"https:\/\/www.facebook.com\/andrewiget\",\"https:\/\/www.instagram.com\/andrewiget\"],\"url\":\"https:\/\/www.astrofotografie-wiget.ch\/index.php\/author\/astronomie\/\"}]}<\/script>\r\n<!-- \/ Yoast SEO plugin. -->","yoast_head_json":{"title":"Katastrophe - Wasserschaden - Astronomie &amp; Astrofotografie","robots":{"index":"index","follow":"follow","max-snippet":"max-snippet:-1","max-image-preview":"max-image-preview:large","max-video-preview":"max-video-preview:-1"},"canonical":"https:\/\/www.astrofotografie-wiget.ch\/index.php\/2022\/09\/27\/katastrophe-wasserschaden\/","og_locale":"de_DE","og_type":"article","og_title":"Katastrophe - Wasserschaden - Astronomie &amp; Astrofotografie","og_description":"Am 22. September habe ich von B\u00fcren a\/A das Teleskop gesteuert und noch diverse Aufnahmen gemacht. Am Schluss gab ich das Kommando um das Dach zu schliessen und habe die Remote-Verbindung getrennt. Am Wochenende wollte ich dann noch weitere Aufnahmen machen, aber ich konnte keine Verbindung zur Pegasus Powerbox aufbauen. Ich hatte es mehrmals probiert&hellip; Katastrophe &#8211; Wasserschaden weiterlesen","og_url":"https:\/\/www.astrofotografie-wiget.ch\/index.php\/2022\/09\/27\/katastrophe-wasserschaden\/","og_site_name":"Astronomie &amp; Astrofotografie","article_publisher":"https:\/\/www.facebook.com\/andrewiget","article_author":"https:\/\/www.facebook.com\/andrewiget","article_published_time":"2022-09-27T19:00:15+00:00","article_modified_time":"2022-11-23T18:53:47+00:00","og_image":[{"url":"https:\/\/i0.wp.com\/www.astrofotografie-wiget.ch\/wp-content\/uploads\/2022\/11\/IMG_20220926_083502-scaled.jpg?resize=150%2C150&ssl=1","type":"","width":"","height":""}],"author":"Andr\u00e9","twitter_card":"summary_large_image","twitter_misc":{"Verfasst von":"Andr\u00e9","Gesch\u00e4tzte Lesezeit":"2\u00a0Minuten"},"schema":{"@context":"https:\/\/schema.org","@graph":[{"@type":"Article","@id":"https:\/\/www.astrofotografie-wiget.ch\/index.php\/2022\/09\/27\/katastrophe-wasserschaden\/#article","isPartOf":{"@id":"https:\/\/www.astrofotografie-wiget.ch\/index.php\/2022\/09\/27\/katastrophe-wasserschaden\/"},"author":{"name":"Andr\u00e9","@id":"\/#\/schema\/person\/6a8fe3f5ae57c6370d432efba693924f"},"headline":"Katastrophe &#8211; Wasserschaden","datePublished":"2022-09-27T19:00:15+00:00","dateModified":"2022-11-23T18:53:47+00:00","mainEntityOfPage":{"@id":"https:\/\/www.astrofotografie-wiget.ch\/index.php\/2022\/09\/27\/katastrophe-wasserschaden\/"},"wordCount":201,"commentCount":0,"publisher":{"@id":"\/#\/schema\/person\/6a8fe3f5ae57c6370d432efba693924f"},"articleSection":["Equipment"],"inLanguage":"de","potentialAction":[{"@type":"CommentAction","name":"Comment","target":["https:\/\/www.astrofotografie-wiget.ch\/index.php\/2022\/09\/27\/katastrophe-wasserschaden\/#respond"]}]},{"@type":"WebPage","@id":"https:\/\/www.astrofotografie-wiget.ch\/index.php\/2022\/09\/27\/katastrophe-wasserschaden\/","url":"https:\/\/www.astrofotografie-wiget.ch\/index.php\/2022\/09\/27\/katastrophe-wasserschaden\/","name":"Katastrophe - Wasserschaden - Astronomie &amp; Astrofotografie","isPartOf":{"@id":"\/#website"},"datePublished":"2022-09-27T19:00:15+00:00","dateModified":"2022-11-23T18:53:47+00:00","inLanguage":"de","potentialAction":[{"@type":"ReadAction","target":["https:\/\/www.astrofotografie-wiget.ch\/index.php\/2022\/09\/27\/katastrophe-wasserschaden\/"]}]},{"@type":"WebSite","@id":"\/#website","url":"\/","name":"Astronomie & Astrofotografie","description":"Sonne, Mond, Planeten, Deep Sky","publisher":{"@id":"\/#\/schema\/person\/6a8fe3f5ae57c6370d432efba693924f"},"potentialAction":[{"@type":"SearchAction","target":{"@type":"EntryPoint","urlTemplate":"\/?s={search_term_string}"},"query-input":{"@type":"PropertyValueSpecification","valueRequired":true,"valueName":"search_term_string"}}],"inLanguage":"de"},{"@type":["Person","Organization"],"@id":"\/#\/schema\/person\/6a8fe3f5ae57c6370d432efba693924f","name":"Andr\u00e9","image":{"@type":"ImageObject","inLanguage":"de","@id":"\/#\/schema\/person\/image\/","url":"https:\/\/www.astrofotografie-wiget.ch\/wp-content\/uploads\/2022\/01\/2022.01.14-NGC-2244-WBPP-32x300s-small-1024x905.png","contentUrl":"https:\/\/www.astrofotografie-wiget.ch\/wp-content\/uploads\/2022\/01\/2022.01.14-NGC-2244-WBPP-32x300s-small-1024x905.png","width":1024,"height":905,"caption":"Andr\u00e9"},"logo":{"@id":"\/#\/schema\/person\/image\/"},"sameAs":["https:\/\/www.astrofotografie-wiget.ch","https:\/\/www.facebook.com\/andrewiget","https:\/\/www.instagram.com\/andrewiget"],"url":"https:\/\/www.astrofotografie-wiget.ch\/index.php\/author\/astronomie\/"}]}},"jetpack_featured_media_url":"","jetpack-related-posts":[],"jetpack_sharing_enabled":true,"_links":{"self":[{"href":"https:\/\/www.astrofotografie-wiget.ch\/index.php\/wp-json\/wp\/v2\/posts\/732","targetHints":{"allow":["GET"]}}],"collection":[{"href":"https:\/\/www.astrofotografie-wiget.ch\/index.php\/wp-json\/wp\/v2\/posts"}],"about":[{"href":"https:\/\/www.astrofotografie-wiget.ch\/index.php\/wp-json\/wp\/v2\/types\/post"}],"author":[{"embeddable":true,"href":"https:\/\/www.astrofotografie-wiget.ch\/index.php\/wp-json\/wp\/v2\/users\/1"}],"replies":[{"embeddable":true,"href":"https:\/\/www.astrofotografie-wiget.ch\/index.php\/wp-json\/wp\/v2\/comments?post=732"}],"version-history":[{"count":1,"href":"https:\/\/www.astrofotografie-wiget.ch\/index.php\/wp-json\/wp\/v2\/posts\/732\/revisions"}],"predecessor-version":[{"id":736,"href":"https:\/\/www.astrofotografie-wiget.ch\/index.php\/wp-json\/wp\/v2\/posts\/732\/revisions\/736"}],"wp:attachment":[{"href":"https:\/\/www.astrofotografie-wiget.ch\/index.php\/wp-json\/wp\/v2\/media?parent=732"}],"wp:term":[{"taxonomy":"category","embeddable":true,"href":"https:\/\/www.astrofotografie-wiget.ch\/index.php\/wp-json\/wp\/v2\/categories?post=732"},{"taxonomy":"post_tag","embeddable":true,"href":"https:\/\/www.astrofotografie-wiget.ch\/index.php\/wp-json\/wp\/v2\/tags?post=732"}],"curies":[{"name":"wp","href":"https:\/\/api.w.org\/{rel}","templated":true}]}}