{"id":197,"date":"2020-05-01T08:00:37","date_gmt":"2020-05-01T08:00:37","guid":{"rendered":"https:\/\/www.astrofotografie-wiget.ch\/?p=197"},"modified":"2021-08-23T11:26:56","modified_gmt":"2021-08-23T11:26:56","slug":"erste-erkentnisse","status":"publish","type":"post","link":"https:\/\/www.astrofotografie-wiget.ch\/index.php\/2020\/05\/01\/erste-erkentnisse\/","title":{"rendered":"Erste Erkentnisse"},"content":{"rendered":"<p>Die letzten Wochen konnte ich danke dem sch\u00f6nen Wetter viele Fotos machen und auch viel ausprobieren und lesen.<\/p>\n<p>Die Bilder waren einigermassen ok, aber doch fand ich dass gerade die Sterne nicht wirklich sch\u00f6n sind und immer etwas unf\u00f6rmig.<\/p>\n<p>Da ich dieses Ph\u00e4nomen sowohl mit 30s als auch mit 60s oder 120s Belichtungszeit hatte denke ich nicht dass es sich um ein Problem mit der Nachf\u00fchrung handelt. Sonst h\u00e4tte dies bei 120s Belichtungszeit ja viel ausgepr\u00e4gter sein m\u00fcssen als bei 30s. Aber das war es nicht.<\/p>\n<p>Auch mit der Bearbeitung mit PixInsight hatte ich immer wieder meine diversen Probleme. Die Software ist extrem umfangreich und wohl mit abstand die beste Software f\u00fcr die Bearbeitung von Astrophotos. Aber entsprechend komplex, daher habe ich mich f\u00fcr einen Kurs angemeldet im Juni und hoffe dort einiges zu lernen.<\/p>\n<p>Hier nun eine Liste was ich bei meinen Recherchen im Internet herausgefunden habe:<\/p>\n<p>Der CMOS Sensor der Atik Horizon ist offenbar nicht in der Lage stabile Bias-Bilder zu erzeugen, d.h. meine Vorgehensweise beim Preprocessing (Bias, Dark, z.T. Flat, Light) war falsch und konnte daher nicht zu optimalen Resultaten f\u00fchren.<br \/>\nBei diesem (und vielen anderen CMOS-Sensoren) muss man mit Flat-Darks anstelle von Bias arbeiten. Diese m\u00fcssen aber die gleich lange Belichtungszeit haben wie die Flats. Da ich bis jetzt Flats mit Voyager in der D\u00e4mmerung gemacht habe hat jedes Bild eine andere Belichtungszeit und ist somit f\u00fcr dieses Vorgehen nicht brauchbar. Ich muss daher die Flats mit dem Flatfield-Generator erzeugen.<br \/>\nCelestron 0.63f Reducer. Der Reducer vergr\u00f6ssert das Bildfeld und ebnet es ebenfalls ein bisschen, zudem verk\u00fcrzt er die notwendige Belichtungszeit um den Faktor 2.5. Was in der Beschreibung leider nicht steht ist, dass der Backfokus sich ebenfalls verschiebt. Anstelle von 13.9cm betr\u00e4gt der Backfokus nun 10.5cm. Auf den Backfokus hatte ich nicht geachtet sondern lediglich den Steel Drive in etwa auf die Mitte positioniert um m\u00f6glichst viel Spielraum in beide Richtungen zu haben. Daher war der Chip 12.1cm hinter dem Teleskop, d.h. 1.6cm zu weit hinten. Das f\u00fchrt dazu dass Sterne mit einem sogenannten Koma (sieht ein bisschen aus wie ein Komet) abgebildet werden. Also genau der Effekt den ich auf den Bilder beobachte.<br \/>\nSo wie ich gelesen habe bringen bei CMOS Kameras lange Belichtungszeiten nicht viel, d.h. bei ca. 30s ist das optimale SNR erreicht. Danach steigt zwar das Signal weiter an, das Rauschen aber ebenfalls. Allerdings bin ich nicht sicher ob das lediglich f\u00fcr ungek\u00fchlte Kameras (DSLR) gilt und bei gek\u00fchlten Kameras durchaus l\u00e4nger belichtet werden kann. Wobei die Atik Horizon auf 2min begrenzt ist. Wenn man l\u00e4nger belichten will muss man das explizit konfigurieren, da dies gem\u00e4ss Hersteller nicht sinnvoll sei. Allerdings hatte ich beim M82 doch das Gef\u00fchl dass das Bild mit 2min Einzelbelichtungen besser war als dajenige mit 30s, obwohl die Gesamtdauer der Belichtung identisch war. Das kann aber auch am falschen Preprocessing liegen. Das werde ich noch herausfinden m\u00fcssen.<\/p>\n<ul>\n<li>Weiteres Vorgehen:<br \/>\nTests mit dem identischen Equipment aber den Chip der Atik Horizon m\u00f6glichst nah am korrekten Backfokus (10.6 cm sollten m\u00f6glich sein). Das sollte bei der Abbildung der Sterne eine deutliche Verbesserung bringen.<\/li>\n<li>Tests ohne Reducer mit korrektem Backfokus.<\/li>\n<li>Tests ohne Recucer mit korrektem Backfokus und Guiding.<\/li>\n<li>Tests mit verschiedenen Gain-Settings und Belichtungszeiten.<\/li>\n<\/ul>\n","protected":false},"excerpt":{"rendered":"<p>Die letzten Wochen konnte ich danke dem sch\u00f6nen Wetter viele Fotos machen und auch viel ausprobieren und lesen. Die Bilder waren einigermassen ok, aber doch fand ich dass gerade die Sterne nicht wirklich sch\u00f6n sind und immer etwas unf\u00f6rmig. Da ich dieses Ph\u00e4nomen sowohl mit 30s als auch mit 60s oder 120s Belichtungszeit hatte denke&hellip; <a class=\"more-link\" href=\"https:\/\/www.astrofotografie-wiget.ch\/index.php\/2020\/05\/01\/erste-erkentnisse\/\"><span class=\"screen-reader-text\">Erste Erkentnisse<\/span> weiterlesen<\/a><\/p>\n","protected":false},"author":1,"featured_media":0,"comment_status":"open","ping_status":"open","sticky":false,"template":"","format":"standard","meta":{"ngg_post_thumbnail":0,"_jetpack_memberships_contains_paid_content":false,"footnotes":"","jetpack_publicize_message":"","jetpack_publicize_feature_enabled":true,"jetpack_social_post_already_shared":false,"jetpack_social_options":{"image_generator_settings":{"template":"highway","enabled":false},"version":2}},"categories":[4,2,5],"tags":[],"class_list":["post-197","post","type-post","status-publish","format-standard","hentry","category-equipment","category-geschichte","category-probleme","entry"],"jetpack_publicize_connections":[],"yoast_head":"<!-- This site is optimized with the Yoast SEO plugin v24.7 - https:\/\/yoast.com\/wordpress\/plugins\/seo\/ -->\r\n<title>Erste Erkentnisse - Astronomie &amp; Astrofotografie<\/title>\r\n<meta name=\"robots\" content=\"index, follow, max-snippet:-1, max-image-preview:large, max-video-preview:-1\" \/>\r\n<link rel=\"canonical\" href=\"https:\/\/www.astrofotografie-wiget.ch\/index.php\/2020\/05\/01\/erste-erkentnisse\/\" \/>\r\n<meta property=\"og:locale\" content=\"de_DE\" \/>\r\n<meta property=\"og:type\" content=\"article\" \/>\r\n<meta property=\"og:title\" content=\"Erste Erkentnisse - Astronomie &amp; Astrofotografie\" \/>\r\n<meta property=\"og:description\" content=\"Die letzten Wochen konnte ich danke dem sch\u00f6nen Wetter viele Fotos machen und auch viel ausprobieren und lesen. Die Bilder waren einigermassen ok, aber doch fand ich dass gerade die Sterne nicht wirklich sch\u00f6n sind und immer etwas unf\u00f6rmig. Da ich dieses Ph\u00e4nomen sowohl mit 30s als auch mit 60s oder 120s Belichtungszeit hatte denke&hellip; Erste Erkentnisse weiterlesen\" \/>\r\n<meta property=\"og:url\" content=\"https:\/\/www.astrofotografie-wiget.ch\/index.php\/2020\/05\/01\/erste-erkentnisse\/\" \/>\r\n<meta property=\"og:site_name\" content=\"Astronomie &amp; Astrofotografie\" \/>\r\n<meta property=\"article:publisher\" content=\"https:\/\/www.facebook.com\/andrewiget\" \/>\r\n<meta property=\"article:author\" content=\"https:\/\/www.facebook.com\/andrewiget\" \/>\r\n<meta property=\"article:published_time\" content=\"2020-05-01T08:00:37+00:00\" \/>\r\n<meta property=\"article:modified_time\" content=\"2021-08-23T11:26:56+00:00\" \/>\r\n<meta name=\"author\" content=\"Andr\u00e9\" \/>\r\n<meta name=\"twitter:card\" content=\"summary_large_image\" \/>\r\n<meta name=\"twitter:label1\" content=\"Verfasst von\" \/>\n\t<meta name=\"twitter:data1\" content=\"Andr\u00e9\" \/>\n\t<meta name=\"twitter:label2\" content=\"Gesch\u00e4tzte Lesezeit\" \/>\n\t<meta name=\"twitter:data2\" content=\"3\u00a0Minuten\" \/>\r\n<script type=\"application\/ld+json\" class=\"yoast-schema-graph\">{\"@context\":\"https:\/\/schema.org\",\"@graph\":[{\"@type\":\"Article\",\"@id\":\"https:\/\/www.astrofotografie-wiget.ch\/index.php\/2020\/05\/01\/erste-erkentnisse\/#article\",\"isPartOf\":{\"@id\":\"https:\/\/www.astrofotografie-wiget.ch\/index.php\/2020\/05\/01\/erste-erkentnisse\/\"},\"author\":{\"name\":\"Andr\u00e9\",\"@id\":\"\/#\/schema\/person\/6a8fe3f5ae57c6370d432efba693924f\"},\"headline\":\"Erste Erkentnisse\",\"datePublished\":\"2020-05-01T08:00:37+00:00\",\"dateModified\":\"2021-08-23T11:26:56+00:00\",\"mainEntityOfPage\":{\"@id\":\"https:\/\/www.astrofotografie-wiget.ch\/index.php\/2020\/05\/01\/erste-erkentnisse\/\"},\"wordCount\":566,\"commentCount\":0,\"publisher\":{\"@id\":\"\/#\/schema\/person\/6a8fe3f5ae57c6370d432efba693924f\"},\"articleSection\":[\"Equipment\",\"Geschichte\",\"Probleme\"],\"inLanguage\":\"de\",\"potentialAction\":[{\"@type\":\"CommentAction\",\"name\":\"Comment\",\"target\":[\"https:\/\/www.astrofotografie-wiget.ch\/index.php\/2020\/05\/01\/erste-erkentnisse\/#respond\"]}]},{\"@type\":\"WebPage\",\"@id\":\"https:\/\/www.astrofotografie-wiget.ch\/index.php\/2020\/05\/01\/erste-erkentnisse\/\",\"url\":\"https:\/\/www.astrofotografie-wiget.ch\/index.php\/2020\/05\/01\/erste-erkentnisse\/\",\"name\":\"Erste Erkentnisse - Astronomie &amp; Astrofotografie\",\"isPartOf\":{\"@id\":\"\/#website\"},\"datePublished\":\"2020-05-01T08:00:37+00:00\",\"dateModified\":\"2021-08-23T11:26:56+00:00\",\"inLanguage\":\"de\",\"potentialAction\":[{\"@type\":\"ReadAction\",\"target\":[\"https:\/\/www.astrofotografie-wiget.ch\/index.php\/2020\/05\/01\/erste-erkentnisse\/\"]}]},{\"@type\":\"WebSite\",\"@id\":\"\/#website\",\"url\":\"\/\",\"name\":\"Astronomie & Astrofotografie\",\"description\":\"Sonne, Mond, Planeten, Deep Sky\",\"publisher\":{\"@id\":\"\/#\/schema\/person\/6a8fe3f5ae57c6370d432efba693924f\"},\"potentialAction\":[{\"@type\":\"SearchAction\",\"target\":{\"@type\":\"EntryPoint\",\"urlTemplate\":\"\/?s={search_term_string}\"},\"query-input\":{\"@type\":\"PropertyValueSpecification\",\"valueRequired\":true,\"valueName\":\"search_term_string\"}}],\"inLanguage\":\"de\"},{\"@type\":[\"Person\",\"Organization\"],\"@id\":\"\/#\/schema\/person\/6a8fe3f5ae57c6370d432efba693924f\",\"name\":\"Andr\u00e9\",\"image\":{\"@type\":\"ImageObject\",\"inLanguage\":\"de\",\"@id\":\"\/#\/schema\/person\/image\/\",\"url\":\"https:\/\/www.astrofotografie-wiget.ch\/wp-content\/uploads\/2022\/01\/2022.01.14-NGC-2244-WBPP-32x300s-small-1024x905.png\",\"contentUrl\":\"https:\/\/www.astrofotografie-wiget.ch\/wp-content\/uploads\/2022\/01\/2022.01.14-NGC-2244-WBPP-32x300s-small-1024x905.png\",\"width\":1024,\"height\":905,\"caption\":\"Andr\u00e9\"},\"logo\":{\"@id\":\"\/#\/schema\/person\/image\/\"},\"sameAs\":[\"https:\/\/www.astrofotografie-wiget.ch\",\"https:\/\/www.facebook.com\/andrewiget\",\"https:\/\/www.instagram.com\/andrewiget\"],\"url\":\"https:\/\/www.astrofotografie-wiget.ch\/index.php\/author\/astronomie\/\"}]}<\/script>\r\n<!-- \/ Yoast SEO plugin. -->","yoast_head_json":{"title":"Erste Erkentnisse - Astronomie &amp; Astrofotografie","robots":{"index":"index","follow":"follow","max-snippet":"max-snippet:-1","max-image-preview":"max-image-preview:large","max-video-preview":"max-video-preview:-1"},"canonical":"https:\/\/www.astrofotografie-wiget.ch\/index.php\/2020\/05\/01\/erste-erkentnisse\/","og_locale":"de_DE","og_type":"article","og_title":"Erste Erkentnisse - Astronomie &amp; Astrofotografie","og_description":"Die letzten Wochen konnte ich danke dem sch\u00f6nen Wetter viele Fotos machen und auch viel ausprobieren und lesen. Die Bilder waren einigermassen ok, aber doch fand ich dass gerade die Sterne nicht wirklich sch\u00f6n sind und immer etwas unf\u00f6rmig. Da ich dieses Ph\u00e4nomen sowohl mit 30s als auch mit 60s oder 120s Belichtungszeit hatte denke&hellip; Erste Erkentnisse weiterlesen","og_url":"https:\/\/www.astrofotografie-wiget.ch\/index.php\/2020\/05\/01\/erste-erkentnisse\/","og_site_name":"Astronomie &amp; Astrofotografie","article_publisher":"https:\/\/www.facebook.com\/andrewiget","article_author":"https:\/\/www.facebook.com\/andrewiget","article_published_time":"2020-05-01T08:00:37+00:00","article_modified_time":"2021-08-23T11:26:56+00:00","author":"Andr\u00e9","twitter_card":"summary_large_image","twitter_misc":{"Verfasst von":"Andr\u00e9","Gesch\u00e4tzte Lesezeit":"3\u00a0Minuten"},"schema":{"@context":"https:\/\/schema.org","@graph":[{"@type":"Article","@id":"https:\/\/www.astrofotografie-wiget.ch\/index.php\/2020\/05\/01\/erste-erkentnisse\/#article","isPartOf":{"@id":"https:\/\/www.astrofotografie-wiget.ch\/index.php\/2020\/05\/01\/erste-erkentnisse\/"},"author":{"name":"Andr\u00e9","@id":"\/#\/schema\/person\/6a8fe3f5ae57c6370d432efba693924f"},"headline":"Erste Erkentnisse","datePublished":"2020-05-01T08:00:37+00:00","dateModified":"2021-08-23T11:26:56+00:00","mainEntityOfPage":{"@id":"https:\/\/www.astrofotografie-wiget.ch\/index.php\/2020\/05\/01\/erste-erkentnisse\/"},"wordCount":566,"commentCount":0,"publisher":{"@id":"\/#\/schema\/person\/6a8fe3f5ae57c6370d432efba693924f"},"articleSection":["Equipment","Geschichte","Probleme"],"inLanguage":"de","potentialAction":[{"@type":"CommentAction","name":"Comment","target":["https:\/\/www.astrofotografie-wiget.ch\/index.php\/2020\/05\/01\/erste-erkentnisse\/#respond"]}]},{"@type":"WebPage","@id":"https:\/\/www.astrofotografie-wiget.ch\/index.php\/2020\/05\/01\/erste-erkentnisse\/","url":"https:\/\/www.astrofotografie-wiget.ch\/index.php\/2020\/05\/01\/erste-erkentnisse\/","name":"Erste Erkentnisse - Astronomie &amp; Astrofotografie","isPartOf":{"@id":"\/#website"},"datePublished":"2020-05-01T08:00:37+00:00","dateModified":"2021-08-23T11:26:56+00:00","inLanguage":"de","potentialAction":[{"@type":"ReadAction","target":["https:\/\/www.astrofotografie-wiget.ch\/index.php\/2020\/05\/01\/erste-erkentnisse\/"]}]},{"@type":"WebSite","@id":"\/#website","url":"\/","name":"Astronomie & Astrofotografie","description":"Sonne, Mond, Planeten, Deep Sky","publisher":{"@id":"\/#\/schema\/person\/6a8fe3f5ae57c6370d432efba693924f"},"potentialAction":[{"@type":"SearchAction","target":{"@type":"EntryPoint","urlTemplate":"\/?s={search_term_string}"},"query-input":{"@type":"PropertyValueSpecification","valueRequired":true,"valueName":"search_term_string"}}],"inLanguage":"de"},{"@type":["Person","Organization"],"@id":"\/#\/schema\/person\/6a8fe3f5ae57c6370d432efba693924f","name":"Andr\u00e9","image":{"@type":"ImageObject","inLanguage":"de","@id":"\/#\/schema\/person\/image\/","url":"https:\/\/www.astrofotografie-wiget.ch\/wp-content\/uploads\/2022\/01\/2022.01.14-NGC-2244-WBPP-32x300s-small-1024x905.png","contentUrl":"https:\/\/www.astrofotografie-wiget.ch\/wp-content\/uploads\/2022\/01\/2022.01.14-NGC-2244-WBPP-32x300s-small-1024x905.png","width":1024,"height":905,"caption":"Andr\u00e9"},"logo":{"@id":"\/#\/schema\/person\/image\/"},"sameAs":["https:\/\/www.astrofotografie-wiget.ch","https:\/\/www.facebook.com\/andrewiget","https:\/\/www.instagram.com\/andrewiget"],"url":"https:\/\/www.astrofotografie-wiget.ch\/index.php\/author\/astronomie\/"}]}},"jetpack_featured_media_url":"","jetpack-related-posts":[],"jetpack_sharing_enabled":true,"_links":{"self":[{"href":"https:\/\/www.astrofotografie-wiget.ch\/index.php\/wp-json\/wp\/v2\/posts\/197","targetHints":{"allow":["GET"]}}],"collection":[{"href":"https:\/\/www.astrofotografie-wiget.ch\/index.php\/wp-json\/wp\/v2\/posts"}],"about":[{"href":"https:\/\/www.astrofotografie-wiget.ch\/index.php\/wp-json\/wp\/v2\/types\/post"}],"author":[{"embeddable":true,"href":"https:\/\/www.astrofotografie-wiget.ch\/index.php\/wp-json\/wp\/v2\/users\/1"}],"replies":[{"embeddable":true,"href":"https:\/\/www.astrofotografie-wiget.ch\/index.php\/wp-json\/wp\/v2\/comments?post=197"}],"version-history":[{"count":1,"href":"https:\/\/www.astrofotografie-wiget.ch\/index.php\/wp-json\/wp\/v2\/posts\/197\/revisions"}],"predecessor-version":[{"id":198,"href":"https:\/\/www.astrofotografie-wiget.ch\/index.php\/wp-json\/wp\/v2\/posts\/197\/revisions\/198"}],"wp:attachment":[{"href":"https:\/\/www.astrofotografie-wiget.ch\/index.php\/wp-json\/wp\/v2\/media?parent=197"}],"wp:term":[{"taxonomy":"category","embeddable":true,"href":"https:\/\/www.astrofotografie-wiget.ch\/index.php\/wp-json\/wp\/v2\/categories?post=197"},{"taxonomy":"post_tag","embeddable":true,"href":"https:\/\/www.astrofotografie-wiget.ch\/index.php\/wp-json\/wp\/v2\/tags?post=197"}],"curies":[{"name":"wp","href":"https:\/\/api.w.org\/{rel}","templated":true}]}}