{"id":178,"date":"2019-06-14T01:00:48","date_gmt":"2019-06-14T01:00:48","guid":{"rendered":"https:\/\/www.astrofotografie-wiget.ch\/?p=178"},"modified":"2021-08-23T10:45:17","modified_gmt":"2021-08-23T10:45:17","slug":"ringnebel-13-juni-2019","status":"publish","type":"post","link":"https:\/\/www.astrofotografie-wiget.ch\/index.php\/2019\/06\/14\/ringnebel-13-juni-2019\/","title":{"rendered":"Ringnebel: 13. Juni 2019"},"content":{"rendered":"<p>Nach den letzten Versuchen mit Medium-Gain Einstellung der Kamera wollte ich nun einen Versuch machen mit Low-Gain, aber daf\u00fcr 60s Belichtungszeit anstelle von 30s.<\/p>\n<p>Da ich in den letzten Fotosessions auch viele Bildfehler durch Dreck auf der Optik hatte beschloss ich zuerst einmal die Schmitt-Platte zu reinigen. Mit reinem Wasser und einem Mikrofasertuch habe ich diese vorsichtig gereinigt und das Resultat war top.<\/p>\n<p>Danach habe ich alles aufgestellt und eingerichtet (Alignment, Nordorientierung, erneutes Alignment mit 3 zus\u00e4tzlichen Referenzsternen).<\/p>\n<p>Da es noch nicht ganz dunkel war habe ich zuerst ein paar Aufnahmen vom Jupiter gemacht.<\/p>\n<p>Danach habe ich vom Ringnebel 53 Aufnahmen mit je 30s Belichtungszeit mit Low-Gain gemacht. Davon konnte ich 41 Bilder verwenden und mit PixInsight Verarbeiten. Allerdings habe ich lediglich ein Preprocessing gemacht und danach eine Farb- und Histogrammkorrektur. Weitere Bearbeitungen habe ich noch nicht vorgenommen. Trotzdem ist das Resultat schon ganz gut geworden. Bei der Bearbeitung f\u00fcr dieses Bild wurden 39.7 GB an Daten generiert und verarbeitet.<br \/>\n<img data-recalc-dims=\"1\" loading=\"lazy\" decoding=\"async\" class=\"alignnone size-medium wp-image-179\" src=\"https:\/\/i0.wp.com\/www.astrofotografie-wiget.ch\/wp-content\/uploads\/2021\/08\/drizzle_integration.jpg?resize=300%2C227&#038;ssl=1\" alt=\"\" width=\"300\" height=\"227\" srcset=\"https:\/\/i0.wp.com\/www.astrofotografie-wiget.ch\/wp-content\/uploads\/2021\/08\/drizzle_integration.jpg?resize=300%2C227&amp;ssl=1 300w, https:\/\/i0.wp.com\/www.astrofotografie-wiget.ch\/wp-content\/uploads\/2021\/08\/drizzle_integration.jpg?w=320&amp;ssl=1 320w\" sizes=\"auto, (max-width: 300px) 100vw, 300px\" \/><\/p>\n","protected":false},"excerpt":{"rendered":"<p>Nach den letzten Versuchen mit Medium-Gain Einstellung der Kamera wollte ich nun einen Versuch machen mit Low-Gain, aber daf\u00fcr 60s Belichtungszeit anstelle von 30s. Da ich in den letzten Fotosessions auch viele Bildfehler durch Dreck auf der Optik hatte beschloss ich zuerst einmal die Schmitt-Platte zu reinigen. Mit reinem Wasser und einem Mikrofasertuch habe ich&hellip; <a class=\"more-link\" href=\"https:\/\/www.astrofotografie-wiget.ch\/index.php\/2019\/06\/14\/ringnebel-13-juni-2019\/\"><span class=\"screen-reader-text\">Ringnebel: 13. Juni 2019<\/span> weiterlesen<\/a><\/p>\n","protected":false},"author":1,"featured_media":0,"comment_status":"open","ping_status":"open","sticky":false,"template":"","format":"standard","meta":{"ngg_post_thumbnail":0,"_jetpack_memberships_contains_paid_content":false,"footnotes":"","jetpack_publicize_message":"","jetpack_publicize_feature_enabled":true,"jetpack_social_post_already_shared":false,"jetpack_social_options":{"image_generator_settings":{"template":"highway","enabled":false},"version":2}},"categories":[9,1,2,22,10],"tags":[],"class_list":["post-178","post","type-post","status-publish","format-standard","hentry","category-deep-sky","category-fotogalery","category-geschichte","category-m-57-ringnebel","category-messier","entry"],"jetpack_publicize_connections":[],"yoast_head":"<!-- This site is optimized with the Yoast SEO plugin v24.7 - https:\/\/yoast.com\/wordpress\/plugins\/seo\/ -->\r\n<title>Ringnebel: 13. Juni 2019 - Astronomie &amp; Astrofotografie<\/title>\r\n<meta name=\"robots\" content=\"index, follow, max-snippet:-1, max-image-preview:large, max-video-preview:-1\" \/>\r\n<link rel=\"canonical\" href=\"https:\/\/www.astrofotografie-wiget.ch\/index.php\/2019\/06\/14\/ringnebel-13-juni-2019\/\" \/>\r\n<meta property=\"og:locale\" content=\"de_DE\" \/>\r\n<meta property=\"og:type\" content=\"article\" \/>\r\n<meta property=\"og:title\" content=\"Ringnebel: 13. Juni 2019 - Astronomie &amp; Astrofotografie\" \/>\r\n<meta property=\"og:description\" content=\"Nach den letzten Versuchen mit Medium-Gain Einstellung der Kamera wollte ich nun einen Versuch machen mit Low-Gain, aber daf\u00fcr 60s Belichtungszeit anstelle von 30s. Da ich in den letzten Fotosessions auch viele Bildfehler durch Dreck auf der Optik hatte beschloss ich zuerst einmal die Schmitt-Platte zu reinigen. Mit reinem Wasser und einem Mikrofasertuch habe ich&hellip; Ringnebel: 13. Juni 2019 weiterlesen\" \/>\r\n<meta property=\"og:url\" content=\"https:\/\/www.astrofotografie-wiget.ch\/index.php\/2019\/06\/14\/ringnebel-13-juni-2019\/\" \/>\r\n<meta property=\"og:site_name\" content=\"Astronomie &amp; Astrofotografie\" \/>\r\n<meta property=\"article:publisher\" content=\"https:\/\/www.facebook.com\/andrewiget\" \/>\r\n<meta property=\"article:author\" content=\"https:\/\/www.facebook.com\/andrewiget\" \/>\r\n<meta property=\"article:published_time\" content=\"2019-06-14T01:00:48+00:00\" \/>\r\n<meta property=\"article:modified_time\" content=\"2021-08-23T10:45:17+00:00\" \/>\r\n<meta property=\"og:image\" content=\"https:\/\/www.astrofotografie-wiget.ch\/wp-content\/uploads\/2021\/08\/drizzle_integration-300x227.jpg\" \/>\r\n<meta name=\"author\" content=\"Andr\u00e9\" \/>\r\n<meta name=\"twitter:card\" content=\"summary_large_image\" \/>\r\n<meta name=\"twitter:label1\" content=\"Verfasst von\" \/>\n\t<meta name=\"twitter:data1\" content=\"Andr\u00e9\" \/>\n\t<meta name=\"twitter:label2\" content=\"Gesch\u00e4tzte Lesezeit\" \/>\n\t<meta name=\"twitter:data2\" content=\"1\u00a0Minute\" \/>\r\n<script type=\"application\/ld+json\" class=\"yoast-schema-graph\">{\"@context\":\"https:\/\/schema.org\",\"@graph\":[{\"@type\":\"Article\",\"@id\":\"https:\/\/www.astrofotografie-wiget.ch\/index.php\/2019\/06\/14\/ringnebel-13-juni-2019\/#article\",\"isPartOf\":{\"@id\":\"https:\/\/www.astrofotografie-wiget.ch\/index.php\/2019\/06\/14\/ringnebel-13-juni-2019\/\"},\"author\":{\"name\":\"Andr\u00e9\",\"@id\":\"\/#\/schema\/person\/6a8fe3f5ae57c6370d432efba693924f\"},\"headline\":\"Ringnebel: 13. Juni 2019\",\"datePublished\":\"2019-06-14T01:00:48+00:00\",\"dateModified\":\"2021-08-23T10:45:17+00:00\",\"mainEntityOfPage\":{\"@id\":\"https:\/\/www.astrofotografie-wiget.ch\/index.php\/2019\/06\/14\/ringnebel-13-juni-2019\/\"},\"wordCount\":161,\"commentCount\":0,\"publisher\":{\"@id\":\"\/#\/schema\/person\/6a8fe3f5ae57c6370d432efba693924f\"},\"image\":{\"@id\":\"https:\/\/www.astrofotografie-wiget.ch\/index.php\/2019\/06\/14\/ringnebel-13-juni-2019\/#primaryimage\"},\"thumbnailUrl\":\"https:\/\/www.astrofotografie-wiget.ch\/wp-content\/uploads\/2021\/08\/drizzle_integration-300x227.jpg\",\"articleSection\":[\"Deep Sky\",\"Foto Galerie\",\"Geschichte\",\"M 57 - Ringnebel\",\"Messier\"],\"inLanguage\":\"de\",\"potentialAction\":[{\"@type\":\"CommentAction\",\"name\":\"Comment\",\"target\":[\"https:\/\/www.astrofotografie-wiget.ch\/index.php\/2019\/06\/14\/ringnebel-13-juni-2019\/#respond\"]}]},{\"@type\":\"WebPage\",\"@id\":\"https:\/\/www.astrofotografie-wiget.ch\/index.php\/2019\/06\/14\/ringnebel-13-juni-2019\/\",\"url\":\"https:\/\/www.astrofotografie-wiget.ch\/index.php\/2019\/06\/14\/ringnebel-13-juni-2019\/\",\"name\":\"Ringnebel: 13. Juni 2019 - Astronomie &amp; Astrofotografie\",\"isPartOf\":{\"@id\":\"\/#website\"},\"primaryImageOfPage\":{\"@id\":\"https:\/\/www.astrofotografie-wiget.ch\/index.php\/2019\/06\/14\/ringnebel-13-juni-2019\/#primaryimage\"},\"image\":{\"@id\":\"https:\/\/www.astrofotografie-wiget.ch\/index.php\/2019\/06\/14\/ringnebel-13-juni-2019\/#primaryimage\"},\"thumbnailUrl\":\"https:\/\/www.astrofotografie-wiget.ch\/wp-content\/uploads\/2021\/08\/drizzle_integration-300x227.jpg\",\"datePublished\":\"2019-06-14T01:00:48+00:00\",\"dateModified\":\"2021-08-23T10:45:17+00:00\",\"inLanguage\":\"de\",\"potentialAction\":[{\"@type\":\"ReadAction\",\"target\":[\"https:\/\/www.astrofotografie-wiget.ch\/index.php\/2019\/06\/14\/ringnebel-13-juni-2019\/\"]}]},{\"@type\":\"ImageObject\",\"inLanguage\":\"de\",\"@id\":\"https:\/\/www.astrofotografie-wiget.ch\/index.php\/2019\/06\/14\/ringnebel-13-juni-2019\/#primaryimage\",\"url\":\"https:\/\/i0.wp.com\/www.astrofotografie-wiget.ch\/wp-content\/uploads\/2021\/08\/drizzle_integration.jpg?fit=320%2C242&ssl=1\",\"contentUrl\":\"https:\/\/i0.wp.com\/www.astrofotografie-wiget.ch\/wp-content\/uploads\/2021\/08\/drizzle_integration.jpg?fit=320%2C242&ssl=1\",\"width\":320,\"height\":242},{\"@type\":\"WebSite\",\"@id\":\"\/#website\",\"url\":\"\/\",\"name\":\"Astronomie & Astrofotografie\",\"description\":\"Sonne, Mond, Planeten, Deep Sky\",\"publisher\":{\"@id\":\"\/#\/schema\/person\/6a8fe3f5ae57c6370d432efba693924f\"},\"potentialAction\":[{\"@type\":\"SearchAction\",\"target\":{\"@type\":\"EntryPoint\",\"urlTemplate\":\"\/?s={search_term_string}\"},\"query-input\":{\"@type\":\"PropertyValueSpecification\",\"valueRequired\":true,\"valueName\":\"search_term_string\"}}],\"inLanguage\":\"de\"},{\"@type\":[\"Person\",\"Organization\"],\"@id\":\"\/#\/schema\/person\/6a8fe3f5ae57c6370d432efba693924f\",\"name\":\"Andr\u00e9\",\"image\":{\"@type\":\"ImageObject\",\"inLanguage\":\"de\",\"@id\":\"\/#\/schema\/person\/image\/\",\"url\":\"https:\/\/www.astrofotografie-wiget.ch\/wp-content\/uploads\/2022\/01\/2022.01.14-NGC-2244-WBPP-32x300s-small-1024x905.png\",\"contentUrl\":\"https:\/\/www.astrofotografie-wiget.ch\/wp-content\/uploads\/2022\/01\/2022.01.14-NGC-2244-WBPP-32x300s-small-1024x905.png\",\"width\":1024,\"height\":905,\"caption\":\"Andr\u00e9\"},\"logo\":{\"@id\":\"\/#\/schema\/person\/image\/\"},\"sameAs\":[\"https:\/\/www.astrofotografie-wiget.ch\",\"https:\/\/www.facebook.com\/andrewiget\",\"https:\/\/www.instagram.com\/andrewiget\"],\"url\":\"https:\/\/www.astrofotografie-wiget.ch\/index.php\/author\/astronomie\/\"}]}<\/script>\r\n<!-- \/ Yoast SEO plugin. -->","yoast_head_json":{"title":"Ringnebel: 13. Juni 2019 - Astronomie &amp; Astrofotografie","robots":{"index":"index","follow":"follow","max-snippet":"max-snippet:-1","max-image-preview":"max-image-preview:large","max-video-preview":"max-video-preview:-1"},"canonical":"https:\/\/www.astrofotografie-wiget.ch\/index.php\/2019\/06\/14\/ringnebel-13-juni-2019\/","og_locale":"de_DE","og_type":"article","og_title":"Ringnebel: 13. Juni 2019 - Astronomie &amp; Astrofotografie","og_description":"Nach den letzten Versuchen mit Medium-Gain Einstellung der Kamera wollte ich nun einen Versuch machen mit Low-Gain, aber daf\u00fcr 60s Belichtungszeit anstelle von 30s. Da ich in den letzten Fotosessions auch viele Bildfehler durch Dreck auf der Optik hatte beschloss ich zuerst einmal die Schmitt-Platte zu reinigen. Mit reinem Wasser und einem Mikrofasertuch habe ich&hellip; Ringnebel: 13. Juni 2019 weiterlesen","og_url":"https:\/\/www.astrofotografie-wiget.ch\/index.php\/2019\/06\/14\/ringnebel-13-juni-2019\/","og_site_name":"Astronomie &amp; Astrofotografie","article_publisher":"https:\/\/www.facebook.com\/andrewiget","article_author":"https:\/\/www.facebook.com\/andrewiget","article_published_time":"2019-06-14T01:00:48+00:00","article_modified_time":"2021-08-23T10:45:17+00:00","og_image":[{"url":"https:\/\/www.astrofotografie-wiget.ch\/wp-content\/uploads\/2021\/08\/drizzle_integration-300x227.jpg","type":"","width":"","height":""}],"author":"Andr\u00e9","twitter_card":"summary_large_image","twitter_misc":{"Verfasst von":"Andr\u00e9","Gesch\u00e4tzte Lesezeit":"1\u00a0Minute"},"schema":{"@context":"https:\/\/schema.org","@graph":[{"@type":"Article","@id":"https:\/\/www.astrofotografie-wiget.ch\/index.php\/2019\/06\/14\/ringnebel-13-juni-2019\/#article","isPartOf":{"@id":"https:\/\/www.astrofotografie-wiget.ch\/index.php\/2019\/06\/14\/ringnebel-13-juni-2019\/"},"author":{"name":"Andr\u00e9","@id":"\/#\/schema\/person\/6a8fe3f5ae57c6370d432efba693924f"},"headline":"Ringnebel: 13. Juni 2019","datePublished":"2019-06-14T01:00:48+00:00","dateModified":"2021-08-23T10:45:17+00:00","mainEntityOfPage":{"@id":"https:\/\/www.astrofotografie-wiget.ch\/index.php\/2019\/06\/14\/ringnebel-13-juni-2019\/"},"wordCount":161,"commentCount":0,"publisher":{"@id":"\/#\/schema\/person\/6a8fe3f5ae57c6370d432efba693924f"},"image":{"@id":"https:\/\/www.astrofotografie-wiget.ch\/index.php\/2019\/06\/14\/ringnebel-13-juni-2019\/#primaryimage"},"thumbnailUrl":"https:\/\/www.astrofotografie-wiget.ch\/wp-content\/uploads\/2021\/08\/drizzle_integration-300x227.jpg","articleSection":["Deep Sky","Foto Galerie","Geschichte","M 57 - Ringnebel","Messier"],"inLanguage":"de","potentialAction":[{"@type":"CommentAction","name":"Comment","target":["https:\/\/www.astrofotografie-wiget.ch\/index.php\/2019\/06\/14\/ringnebel-13-juni-2019\/#respond"]}]},{"@type":"WebPage","@id":"https:\/\/www.astrofotografie-wiget.ch\/index.php\/2019\/06\/14\/ringnebel-13-juni-2019\/","url":"https:\/\/www.astrofotografie-wiget.ch\/index.php\/2019\/06\/14\/ringnebel-13-juni-2019\/","name":"Ringnebel: 13. Juni 2019 - Astronomie &amp; Astrofotografie","isPartOf":{"@id":"\/#website"},"primaryImageOfPage":{"@id":"https:\/\/www.astrofotografie-wiget.ch\/index.php\/2019\/06\/14\/ringnebel-13-juni-2019\/#primaryimage"},"image":{"@id":"https:\/\/www.astrofotografie-wiget.ch\/index.php\/2019\/06\/14\/ringnebel-13-juni-2019\/#primaryimage"},"thumbnailUrl":"https:\/\/www.astrofotografie-wiget.ch\/wp-content\/uploads\/2021\/08\/drizzle_integration-300x227.jpg","datePublished":"2019-06-14T01:00:48+00:00","dateModified":"2021-08-23T10:45:17+00:00","inLanguage":"de","potentialAction":[{"@type":"ReadAction","target":["https:\/\/www.astrofotografie-wiget.ch\/index.php\/2019\/06\/14\/ringnebel-13-juni-2019\/"]}]},{"@type":"ImageObject","inLanguage":"de","@id":"https:\/\/www.astrofotografie-wiget.ch\/index.php\/2019\/06\/14\/ringnebel-13-juni-2019\/#primaryimage","url":"https:\/\/i0.wp.com\/www.astrofotografie-wiget.ch\/wp-content\/uploads\/2021\/08\/drizzle_integration.jpg?fit=320%2C242&ssl=1","contentUrl":"https:\/\/i0.wp.com\/www.astrofotografie-wiget.ch\/wp-content\/uploads\/2021\/08\/drizzle_integration.jpg?fit=320%2C242&ssl=1","width":320,"height":242},{"@type":"WebSite","@id":"\/#website","url":"\/","name":"Astronomie & Astrofotografie","description":"Sonne, Mond, Planeten, Deep Sky","publisher":{"@id":"\/#\/schema\/person\/6a8fe3f5ae57c6370d432efba693924f"},"potentialAction":[{"@type":"SearchAction","target":{"@type":"EntryPoint","urlTemplate":"\/?s={search_term_string}"},"query-input":{"@type":"PropertyValueSpecification","valueRequired":true,"valueName":"search_term_string"}}],"inLanguage":"de"},{"@type":["Person","Organization"],"@id":"\/#\/schema\/person\/6a8fe3f5ae57c6370d432efba693924f","name":"Andr\u00e9","image":{"@type":"ImageObject","inLanguage":"de","@id":"\/#\/schema\/person\/image\/","url":"https:\/\/www.astrofotografie-wiget.ch\/wp-content\/uploads\/2022\/01\/2022.01.14-NGC-2244-WBPP-32x300s-small-1024x905.png","contentUrl":"https:\/\/www.astrofotografie-wiget.ch\/wp-content\/uploads\/2022\/01\/2022.01.14-NGC-2244-WBPP-32x300s-small-1024x905.png","width":1024,"height":905,"caption":"Andr\u00e9"},"logo":{"@id":"\/#\/schema\/person\/image\/"},"sameAs":["https:\/\/www.astrofotografie-wiget.ch","https:\/\/www.facebook.com\/andrewiget","https:\/\/www.instagram.com\/andrewiget"],"url":"https:\/\/www.astrofotografie-wiget.ch\/index.php\/author\/astronomie\/"}]}},"jetpack_featured_media_url":"","jetpack-related-posts":[],"jetpack_sharing_enabled":true,"_links":{"self":[{"href":"https:\/\/www.astrofotografie-wiget.ch\/index.php\/wp-json\/wp\/v2\/posts\/178","targetHints":{"allow":["GET"]}}],"collection":[{"href":"https:\/\/www.astrofotografie-wiget.ch\/index.php\/wp-json\/wp\/v2\/posts"}],"about":[{"href":"https:\/\/www.astrofotografie-wiget.ch\/index.php\/wp-json\/wp\/v2\/types\/post"}],"author":[{"embeddable":true,"href":"https:\/\/www.astrofotografie-wiget.ch\/index.php\/wp-json\/wp\/v2\/users\/1"}],"replies":[{"embeddable":true,"href":"https:\/\/www.astrofotografie-wiget.ch\/index.php\/wp-json\/wp\/v2\/comments?post=178"}],"version-history":[{"count":1,"href":"https:\/\/www.astrofotografie-wiget.ch\/index.php\/wp-json\/wp\/v2\/posts\/178\/revisions"}],"predecessor-version":[{"id":180,"href":"https:\/\/www.astrofotografie-wiget.ch\/index.php\/wp-json\/wp\/v2\/posts\/178\/revisions\/180"}],"wp:attachment":[{"href":"https:\/\/www.astrofotografie-wiget.ch\/index.php\/wp-json\/wp\/v2\/media?parent=178"}],"wp:term":[{"taxonomy":"category","embeddable":true,"href":"https:\/\/www.astrofotografie-wiget.ch\/index.php\/wp-json\/wp\/v2\/categories?post=178"},{"taxonomy":"post_tag","embeddable":true,"href":"https:\/\/www.astrofotografie-wiget.ch\/index.php\/wp-json\/wp\/v2\/tags?post=178"}],"curies":[{"name":"wp","href":"https:\/\/api.w.org\/{rel}","templated":true}]}}